{"id":17281,"date":"2017-04-04T10:38:10","date_gmt":"2017-04-04T13:38:10","guid":{"rendered":"https:\/\/www.dentalpress.com.br\/portal\/?p=17281"},"modified":"2017-04-04T12:25:02","modified_gmt":"2017-04-04T15:25:02","slug":"relacao-entre-ma-saude-bucal-e-diabetes-infatil","status":"publish","type":"post","link":"https:\/\/dentalpress.com.br\/portal\/relacao-entre-ma-saude-bucal-e-diabetes-infatil\/","title":{"rendered":"Pesquisa mostra rela\u00e7\u00e3o entre m\u00e1 sa\u00fade bucal e diabetes infatil"},"content":{"rendered":"<p style=\"text-align: justify;\">Embora j\u00e1 exista uma consci\u00eancia sobre a liga\u00e7\u00e3o entre\u00a0m\u00e1 sa\u00fade oral e diabetes ou prediabetes em adultos, nenhuma investiga\u00e7\u00e3o tem sido realizada sobre a sa\u00fade bucal de crian\u00e7as com obesidade ou diabetes. Pela primeira vez, um estudo mostra que as crian\u00e7as obesas com diabetes tipo 2 s\u00e3o mais propensas a ter m\u00e1 sa\u00fade bucal em compara\u00e7\u00e3o com as crian\u00e7as de peso normal e crian\u00e7as obesas sem a doen\u00e7a.<\/p>\n<p><a href=\"https:\/\/dentalpress.com.br\/portal\/wp-content\/uploads\/2017\/04\/diabetes-infantil-1.jpg\"><img fetchpriority=\"high\" decoding=\"async\" class=\"aligncenter wp-image-17286 \" src=\"https:\/\/dentalpress.com.br\/portal\/wp-content\/uploads\/2017\/04\/diabetes-infantil-1-1024x820.jpg\" alt=\"diabetes infantil\" width=\"612\" height=\"490\" srcset=\"\/wp-content\/uploads\/2017\/04\/diabetes-infantil-1-1024x820.jpg 1024w, \/wp-content\/uploads\/2017\/04\/diabetes-infantil-1-300x240.jpg 300w, \/wp-content\/uploads\/2017\/04\/diabetes-infantil-1-768x615.jpg 768w, \/wp-content\/uploads\/2017\/04\/diabetes-infantil-1-1170x937.jpg 1170w, \/wp-content\/uploads\/2017\/04\/diabetes-infantil-1-585x468.jpg 585w, \/wp-content\/uploads\/2017\/04\/diabetes-infantil-1.jpg 1234w\" sizes=\"(max-width: 612px) 100vw, 612px\" \/><\/a><\/p>\n<h2 style=\"text-align: justify;\">O estudo<\/h2>\n<p style=\"text-align: justify;\">No estudo realizado pela Univerisade de Buffalo (EUA), foram inclu\u00eddas\u00a019 crian\u00e7as saud\u00e1veis, 14 obesas e 16 obesas portadoras de\u00a0diabetes tipo 2 com idades entre 10 e 19 anos. Cada participante completou uma pesquisa de sa\u00fade bucal, foi submetido a um exame cl\u00ednico oral e forneceu saliva para a medi\u00e7\u00e3o de marcadores inflamat\u00f3rios e an\u00e1lise de microbiome.<\/p>\n<h4 style=\"text-align: justify;\"><span style=\"color: #666699;\"><a style=\"color: #666699;\" href=\"https:\/\/www.dentalpress.com.br\/portal\/mascar-tabaco-carie\/\" target=\"_blank\">&gt;&gt;&gt; Leia Tamb\u00e9m:\u00a0Mascar tabaco aumenta risco de c\u00e1ries e diabetes<\/a><\/span><\/h4>\n<p style=\"text-align: justify;\">Embora as taxas de <a href=\"https:\/\/dentalpress.com.br\/portal\/curso-de-aperfeicoamento-em-cirurgia-de-dentes-retidos\/\">dentes<\/a> ausentes, cariados e cheios fossem semelhantes entre os grupos, a gravidade da inflama\u00e7\u00e3o <a href=\"https:\/\/dentalpress.com.br\/portal\/imersao-em-correcao-de-sorriso-gengival\/\">gengival<\/a> (avaliada usando um \u00edndice gengival) foi pior no grupo de diabetes tipo 2. Enquanto mais indiv\u00edduos do grupo com peso normal e obesos sem diabtes \u200b\u200btiveram uma classifica\u00e7\u00e3o gengival excelente ou boa, nenhum dos participantes do grupo com diabetes teve uma classifica\u00e7\u00e3o gengival excelente.<\/p>\n<p style=\"text-align: justify;\">Al\u00e9m disso, as crian\u00e7as com diabetes foram menos propensas \u00e0 visitas odontol\u00f3gica nos \u00faltimos seis meses. &#8220;Acontece que enquanto adolescentes obesos com diabetes tipo 2 normalmente t\u00eam acesso \u00e0 sa\u00fade dental, muitas vezes atrav\u00e9s de seguro federal financiado, eles n\u00e3o v\u00e3o rotineiramente ao dentista&#8221;, disse a Dra. Lucy Mastrandrea, professor associado do Departamento de Pediatria da\u00a0Universidade de Buffalo, onde o estudo foi realizado.<\/p>\n<h2 style=\"text-align: justify;\">Qual a import\u00e2ncia da pesquisa?<\/h2>\n<p style=\"text-align: justify;\">&#8220;O achado mais importante desta pesquisa \u00e9 que, como os adultos, as crian\u00e7as com diabetes tipo 2 parecem mais vulner\u00e1veis \u200b\u200b\u00e0 inflama\u00e7\u00e3o periodontal do que as crian\u00e7as normais ou obesas sem diabetes&#8221;, disse o co-autor Frank A. Scannapieco do Departamento de Biologia Oral . &#8220;Ele fornece uma justificativa para a necessidade de aten\u00e7\u00e3o adicional para a higiene bucal em crian\u00e7as com diabetes tipo 2.&#8221;<\/p>\n<h4 style=\"text-align: justify;\"><span style=\"color: #666699;\"><a style=\"color: #666699;\" href=\"https:\/\/www.dentalpress.com.br\/portal\/diabetes-halito\/\" target=\"_blank\">&gt;&gt;&gt; Leia Tamb\u00e9m: Pesquisa pode diagnosticar diabetes pelo h\u00e1lito<\/a><\/span><\/h4>\n<p style=\"text-align: justify;\">Mastrandrea est\u00e1 agora interessado em explorar se melhores cuidados dent\u00e1rios logo ap\u00f3s o diagn\u00f3stico podem ajudar a mitigar a tend\u00eancia para mais doen\u00e7a periodontal em crian\u00e7as com diabetes tipo 2 em um estudo longitudinal. Ela tamb\u00e9m est\u00e1 interessada em saber se a mesma tend\u00eancia \u00e9 verdadeira para crian\u00e7as com diabetes tipo 1.<\/p>\n<p style=\"text-align: justify;\">O estudo, intitulado &#8220;Salivary inflammatory markers and microbiome in normoglycemic lean and obese children compared to obese children with type 2 diabetes&#8221;, foi publicado on-line em 2 de mar\u00e7o na revista PLOS ONE.<\/p>\n<h4 style=\"text-align: justify;\"><span style=\"color: #666699;\"><a style=\"color: #666699;\" href=\"https:\/\/www.ncbi.nlm.nih.gov\/pmc\/articles\/PMC5333807\/\" target=\"_blank\">Leia o artigo na \u00edntegra em ingl\u00eas aqui.<\/a><\/span><\/h4>\n<p style=\"text-align: right;\">Fonte: DentalTribune<\/p>\n<p>Gostou desta pesquisa? Voc\u00ea pode conferir mais estudos e artigos de todas as\u00a0\u00e1reas da Odontologia na\u00a0<strong>Colet\u00e2nea Dental Press<\/strong>, que re\u00fane todo o acervo de artigos j\u00e1 publicados pela Editora.<span style=\"color: #666699;\"><strong> <a style=\"color: #666699;\" href=\"http:\/\/www.dentalcompras.com.br\/grupo.php?grupo=23-coletaneas\" target=\"_blank\">Saiba mais aqui!<\/a><\/strong><\/span><\/p>\n<p><a href=\"http:\/\/www.dentalcompras.com.br\/grupo.php?grupo=23-coletaneas\" target=\"_blank\"><img decoding=\"async\" class=\"aligncenter wp-image-17123\" src=\"https:\/\/dentalpress.r.worldssl.net\/portal\/wp-content\/uploads\/2017\/03\/Coleta%CC%82nea.png\" alt=\"\" width=\"452\" height=\"209\" \/><\/a><\/p>\n","protected":false},"excerpt":{"rendered":"<p>Embora j\u00e1 exista uma consci\u00eancia sobre a liga\u00e7\u00e3o entre\u00a0m\u00e1 sa\u00fade oral e diabetes ou prediabetes em adultos, nenhuma investiga\u00e7\u00e3o tem sido realizada sobre a sa\u00fade bucal de crian\u00e7as com obesidade ou diabetes. Pela primeira vez, um estudo mostra que as crian\u00e7as obesas com diabetes tipo 2 s\u00e3o mais propensas a ter m\u00e1 sa\u00fade bucal em<\/p>\n","protected":false},"author":20,"featured_media":17283,"comment_status":"open","ping_status":"closed","sticky":false,"template":"","format":"standard","meta":{"footnotes":""},"categories":[],"tags":[],"class_list":["post-17281","post","type-post","status-publish","format-standard","has-post-thumbnail"],"aioseo_notices":[],"amp_enabled":true,"_links":{"self":[{"href":"https:\/\/dentalpress.com.br\/portal\/wp-json\/wp\/v2\/posts\/17281","targetHints":{"allow":["GET"]}}],"collection":[{"href":"https:\/\/dentalpress.com.br\/portal\/wp-json\/wp\/v2\/posts"}],"about":[{"href":"https:\/\/dentalpress.com.br\/portal\/wp-json\/wp\/v2\/types\/post"}],"author":[{"embeddable":true,"href":"https:\/\/dentalpress.com.br\/portal\/wp-json\/wp\/v2\/users\/20"}],"replies":[{"embeddable":true,"href":"https:\/\/dentalpress.com.br\/portal\/wp-json\/wp\/v2\/comments?post=17281"}],"version-history":[{"count":0,"href":"https:\/\/dentalpress.com.br\/portal\/wp-json\/wp\/v2\/posts\/17281\/revisions"}],"wp:featuredmedia":[{"embeddable":true,"href":"https:\/\/dentalpress.com.br\/portal\/wp-json\/wp\/v2\/media\/17283"}],"wp:attachment":[{"href":"https:\/\/dentalpress.com.br\/portal\/wp-json\/wp\/v2\/media?parent=17281"}],"wp:term":[{"taxonomy":"category","embeddable":true,"href":"https:\/\/dentalpress.com.br\/portal\/wp-json\/wp\/v2\/categories?post=17281"},{"taxonomy":"post_tag","embeddable":true,"href":"https:\/\/dentalpress.com.br\/portal\/wp-json\/wp\/v2\/tags?post=17281"}],"curies":[{"name":"wp","href":"https:\/\/api.w.org\/{rel}","templated":true}]}}