{"id":17236,"date":"2017-03-31T11:56:43","date_gmt":"2017-03-31T14:56:43","guid":{"rendered":"https:\/\/www.dentalpress.com.br\/portal\/?p=17236"},"modified":"2017-03-31T11:57:34","modified_gmt":"2017-03-31T14:57:34","slug":"dr-weber-ursi-autoligaveis","status":"publish","type":"post","link":"https:\/\/dentalpress.com.br\/portal\/dr-weber-ursi-autoligaveis\/","title":{"rendered":"Dr. Weber Ursi volta \u00e0 Dental Press para curso de autolig\u00e1veis"},"content":{"rendered":"<figure id=\"attachment_17237\" aria-describedby=\"caption-attachment-17237\" style=\"width: 1024px\" class=\"wp-caption aligncenter\"><a href=\"https:\/\/dentalpress.com.br\/portal\/wp-content\/uploads\/2017\/03\/autolig\u00e1veis.jpg\"><img fetchpriority=\"high\" decoding=\"async\" class=\"wp-image-17237 size-large\" src=\"https:\/\/dentalpress.com.br\/portal\/wp-content\/uploads\/2017\/03\/autolig\u00e1veis-1024x683.jpg\" alt=\"\" width=\"1024\" height=\"683\" srcset=\"\/wp-content\/uploads\/2017\/03\/autolig\u00e1veis-1024x683.jpg 1024w, \/wp-content\/uploads\/2017\/03\/autolig\u00e1veis-300x200.jpg 300w, \/wp-content\/uploads\/2017\/03\/autolig\u00e1veis-768x512.jpg 768w, \/wp-content\/uploads\/2017\/03\/autolig\u00e1veis-1170x780.jpg 1170w, \/wp-content\/uploads\/2017\/03\/autolig\u00e1veis-585x390.jpg 585w, \/wp-content\/uploads\/2017\/03\/autolig\u00e1veis.jpg 2048w\" sizes=\"(max-width: 1024px) 100vw, 1024px\" \/><\/a><figcaption id=\"caption-attachment-17237\" class=\"wp-caption-text\">Dr. Weber Ursi, da Unesp de S\u00e3o Jos\u00e9 dos Campos (SP), \u00e9 um dos maiores estudiosos dos br\u00e1quetes autolig\u00e1veis no pa\u00eds (Foto: Giulia Cordeiro\/Dental Press)<\/figcaption><\/figure>\n<p style=\"text-align: justify;\">Um dos <a href=\"https:\/\/dentalpress.com.br\/portal\/especializacao-em-implantodontia-transforme-sua-carreira-com-precisao-e-seguranca\/\">cursos<\/a> mais procurados na Dental Press\u00a0\u00e9 o\u00a0Mec\u00e2nica com Br\u00e1quetes Autolig\u00e1veis. Ministrado pelo professor Dr. Weber Ursi,\u00a0um dos maiores estudiosos do assunto no pa\u00eds, o programa realiza sua 6\u00aa edi\u00e7\u00e3o nesta sexta-feira (31) e s\u00e1bado (01) e repete o sucesso das turmas anteriores.<\/p>\n<p style=\"text-align: justify;\">A turma \u00e9 composta por ortodontistas de diferentes cidades do Paran\u00e1, Mato Grosso do Sul e Paraguai. Todos os participantes sair\u00e3o do <a href=\"https:\/\/dentalpress.com.br\/portal\/como-inserir-lasers-de-baixa-e-alta-potencia-na-rotina-clinica\/\">curso<\/a> credenciados pelo\u00a0sistema Damon\u00ae, que, de acordo com o professor, \u00a0\u00e9 um m\u00e9todo revolucion\u00e1rio para corrigir os <a href=\"https:\/\/dentalpress.com.br\/portal\/curso-de-aperfeicoamento-em-cirurgia-de-dentes-retidos\/\">dentes<\/a>, de maneira mais f\u00e1cil e r\u00e1pida do que usando os aparelhos tradicionais.<\/p>\n<p style=\"text-align: justify;\">O programa do curso inclui um hist\u00f3rico desse tipo de br\u00e1quete; autolig\u00e1veis ativos, passivos e interativos; atrito com os braquetes autolig\u00e1veis; sistema Damon\u00ae; prescri\u00e7\u00f5es do Sistema Damon\u00ae; montagem de aparelho em typodont; como abrir e fechar os diversos sistemas (dicas); posi\u00e7\u00e3o dos el\u00e1sticos; posi\u00e7\u00e3o dos Bite Turbos; gest\u00e3o do consult\u00f3rio com braquetes autolig\u00e1veis (agendamento e cobran\u00e7a); e mec\u00e2nica espec\u00edfica: desarticula\u00e7\u00e3o, el\u00e1sticos, sele\u00e7\u00e3o do br\u00e1quete, coloca\u00e7\u00e3o dos stops e colagem de br\u00e1quetes para melhorar a linha do sorriso (Pitts).<\/p>\n<p style=\"text-align: justify;\">Dr. Weber Ursi \u00e9 \u00e9 Doutor em Ortodontia pela USP\/Bauru, professor\u00a0de Ortodontia na UNESP \u2013 S\u00e3o Jos\u00e9 dos Campos; e P\u00f3s-Graduado na New York University e na Michigan University.<\/p>\n<p style=\"text-align: justify;\">Veja as fotos:<\/p>\n<p>[flickr_set id=&#8221;72157681944198556&#8243;]<\/p>\n","protected":false},"excerpt":{"rendered":"<p>Um dos cursos mais procurados na Dental Press\u00a0\u00e9 o\u00a0Mec\u00e2nica com Br\u00e1quetes Autolig\u00e1veis. Ministrado pelo professor Dr. Weber Ursi,\u00a0um dos maiores estudiosos do assunto no pa\u00eds, o programa realiza sua 6\u00aa edi\u00e7\u00e3o nesta sexta-feira (31) e s\u00e1bado (01) e repete o sucesso das turmas anteriores. A turma \u00e9 composta por ortodontistas de diferentes cidades do Paran\u00e1,<\/p>\n","protected":false},"author":11,"featured_media":17237,"comment_status":"open","ping_status":"closed","sticky":false,"template":"","format":"standard","meta":{"footnotes":""},"categories":[],"tags":[],"class_list":["post-17236","post","type-post","status-publish","format-standard","has-post-thumbnail"],"aioseo_notices":[],"amp_enabled":true,"_links":{"self":[{"href":"https:\/\/dentalpress.com.br\/portal\/wp-json\/wp\/v2\/posts\/17236","targetHints":{"allow":["GET"]}}],"collection":[{"href":"https:\/\/dentalpress.com.br\/portal\/wp-json\/wp\/v2\/posts"}],"about":[{"href":"https:\/\/dentalpress.com.br\/portal\/wp-json\/wp\/v2\/types\/post"}],"author":[{"embeddable":true,"href":"https:\/\/dentalpress.com.br\/portal\/wp-json\/wp\/v2\/users\/11"}],"replies":[{"embeddable":true,"href":"https:\/\/dentalpress.com.br\/portal\/wp-json\/wp\/v2\/comments?post=17236"}],"version-history":[{"count":0,"href":"https:\/\/dentalpress.com.br\/portal\/wp-json\/wp\/v2\/posts\/17236\/revisions"}],"wp:featuredmedia":[{"embeddable":true,"href":"https:\/\/dentalpress.com.br\/portal\/wp-json\/wp\/v2\/media\/17237"}],"wp:attachment":[{"href":"https:\/\/dentalpress.com.br\/portal\/wp-json\/wp\/v2\/media?parent=17236"}],"wp:term":[{"taxonomy":"category","embeddable":true,"href":"https:\/\/dentalpress.com.br\/portal\/wp-json\/wp\/v2\/categories?post=17236"},{"taxonomy":"post_tag","embeddable":true,"href":"https:\/\/dentalpress.com.br\/portal\/wp-json\/wp\/v2\/tags?post=17236"}],"curies":[{"name":"wp","href":"https:\/\/api.w.org\/{rel}","templated":true}]}}