{"id":17228,"date":"2017-03-31T12:00:58","date_gmt":"2017-03-31T15:00:58","guid":{"rendered":"https:\/\/www.dentalpress.com.br\/portal\/?p=17228"},"modified":"2017-03-31T12:00:58","modified_gmt":"2017-03-31T15:00:58","slug":"apneia-do-sono-complicacoes-de-implante","status":"publish","type":"post","link":"https:\/\/dentalpress.com.br\/portal\/apneia-do-sono-complicacoes-de-implante\/","title":{"rendered":"Estudo encontra forte rela\u00e7\u00e3o entre apneia do sono e complica\u00e7\u00f5es de implante"},"content":{"rendered":"<p style=\"text-align: justify;\">Um novo estudo feito na Espanha sugere uma forte rela\u00e7\u00e3o entre a <a href=\"https:\/\/dentalpress.com.br\/portal\/curso-de-aperfeicoamento-em-dtm-dor-orofacial-e-apneia-do-sono\/\">apneia<\/a> obstrutiva do sono\u00a0e complica\u00e7\u00f5es de <a href=\"https:\/\/dentalpress.com.br\/portal\/curso-de-aperfeicoamento-em-protese-sobre-implante-mais-protese-fixa\/\">implante<\/a>, com\u00a080% dos pacientes portadores\u00a0este dist\u00farbio do sono experimentando diferentes problemas de implante.<\/p>\n<p><a href=\"https:\/\/dentalpress.com.br\/portal\/wp-content\/uploads\/2017\/03\/implante-dent\u00e1rio-.jpg\"><img fetchpriority=\"high\" decoding=\"async\" class=\"aligncenter wp-image-17232\" src=\"https:\/\/dentalpress.com.br\/portal\/wp-content\/uploads\/2017\/03\/implante-dent\u00e1rio--1024x768.jpg\" alt=\"\" width=\"590\" height=\"442\" srcset=\"\/wp-content\/uploads\/2017\/03\/implante-dent\u00e1rio--1024x768.jpg 1024w, \/wp-content\/uploads\/2017\/03\/implante-dent\u00e1rio--300x225.jpg 300w, \/wp-content\/uploads\/2017\/03\/implante-dent\u00e1rio--768x576.jpg 768w, \/wp-content\/uploads\/2017\/03\/implante-dent\u00e1rio--1170x878.jpg 1170w, \/wp-content\/uploads\/2017\/03\/implante-dent\u00e1rio--585x439.jpg 585w, \/wp-content\/uploads\/2017\/03\/implante-dent\u00e1rio-.jpg 2001w\" sizes=\"(max-width: 590px) 100vw, 590px\" \/><\/a><\/p>\n<h5 style=\"text-align: justify;\"><span style=\"color: #666699;\"><a style=\"color: #666699;\" href=\"https:\/\/www.dentalpress.com.br\/portal\/avulsao-dentaria-reimplante-tardio\/\" target=\"_blank\">&gt;&gt;&gt; Leia Tamb\u00e9m:\u00a0Reimplante tardio \u00e9 op\u00e7\u00e3o de tratamento em caso de avuls\u00e3o dent\u00e1ria<\/a><\/span><\/h5>\n<p style=\"text-align: justify;\">A \u00a0consci\u00eancia da correla\u00e7\u00e3o entre a apneia\u00a0obstrutiva do sono\u00a0 (OSA) e problemas dent\u00e1rios \u00e9 crescente.\u00a0 No entanto, poucos estudos t\u00eam investigado o papel da OSA na ocorr\u00eancia de falha t\u00e9cnica em pr\u00f3teses fixas, especialmente aquelas implantadas.<\/p>\n<p style=\"text-align: justify;\">Com o objetivo de analisar a freq\u00fc\u00eancia de complica\u00e7\u00f5es prot\u00e9ticas em pr\u00f3teses implantomotoras, um grupo de pesquisadores de Vit\u00f3ria, na Espanha, investigou a fal\u00eancia do implante em 67 pacientes. Identificaram 30 complica\u00e7\u00f5es que afetam 22 pr\u00f3teses entre 16 pacientes. Destes, 13 tamb\u00e9m tinham AOS, ou seja, \u00a081%.<\/p>\n<p style=\"text-align: justify;\">As complica\u00e7\u00f5es inclu\u00edram fratura de porcelana (14 eventos), fratura do parafuso \/ implante (oito eventos), afrouxamento de parafusos (tr\u00eas eventos) e cimenta\u00e7\u00e3o (cinco eventos). Segundo os pesquisadores, a maioria das complica\u00e7\u00f5es ocorreu nos segmentos posteriores. Al\u00e9m disso, o maior \u00edndice de apneia grave, foi identificado em pacientes com complica\u00e7\u00e3o de fratura relacionada a implante, parafuso ou coroa de porcelana. O tempo m\u00e9dio para ocorr\u00eancia do problema foi de 73 meses ap\u00f3s a inser\u00e7\u00e3o do implante.<\/p>\n<h5 style=\"text-align: justify;\"><span style=\"color: #666699;\"><a style=\"color: #666699;\" href=\"https:\/\/www.dentalpress.com.br\/portal\/mini-implante-facilita-discrepancias-transversais\/\" target=\"_blank\">&gt;&gt;&gt; Leia Tamb\u00e9m: Mini-implante facilita no tratamento de discrep\u00e2ncias transversais em adultos, diz pesquisa<\/a><\/span><\/h5>\n<p style=\"text-align: justify;\">Com base nos resultados, que sugerem uma forte liga\u00e7\u00e3o entre OSA e complica\u00e7\u00f5es de implante, os pesquisadores observaram que estudos futuros devem explorar a correla\u00e7\u00e3o ainda mais, a fim de compreender melhor os fatores de risco e freq\u00fc\u00eancias dessas ocorr\u00eancias.<\/p>\n<p style=\"text-align: justify;\">O estudo, intitulado &#8220;Frequency of prosthetic complications related to implant-borne prosthesis in a sleep disorder unit&#8221;, foi publicado na edi\u00e7\u00e3o de fevereiro do<em> Journal of Oral Implantology<\/em>.<\/p>\n<h5 style=\"text-align: justify;\"><span style=\"color: #666699;\"><a style=\"color: #666699;\" href=\"http:\/\/www.joionline.org\/doi\/10.1563\/aaid-joi-D-16-00100?url_ver=Z39.88-2003&amp;rfr_id=ori:rid:crossref.org&amp;rfr_dat=cr_pub%3dpubmed&amp;code=aaid-premdev\" target=\"_blank\">Leia o estudo na \u00edntegra em ingl\u00eas aqui!<\/a><\/span><\/h5>\n<p style=\"text-align: right;\">Fonte: DentalTribune<\/p>\n<p style=\"text-align: justify;\">Se interessou por esta pesquisa? Confira mais artigos da \u00e1rea de <a href=\"https:\/\/dentalpress.com.br\/portal\/excelencia-em-implantodontia-2\/\">Implantodontia<\/a> e da Odontologia Est\u00e9tica na revista\u00a0Oficial da Sociedade Brasileira de Odontologia Est\u00e9tica,\u00a0<strong>Journal of Clinical Dentistry and Research. <span style=\"color: #666699;\"><a style=\"color: #666699;\" href=\"http:\/\/www.dentalcompras.com.br\/produto.php?produto=675-revista-journal-of-clinical-dentistry-and-research-jcdr#.WN0Z5W8rKzc\" target=\"_blank\">Saiba mais aqui!<\/a><\/span><\/strong><\/p>\n<p style=\"text-align: justify;\">\u00a0<a href=\"https:\/\/dentalpress.com.br\/portal\/wp-content\/uploads\/2017\/03\/JCDR4-1.jpeg\"><img decoding=\"async\" class=\"aligncenter wp-image-17217 \" src=\"https:\/\/dentalpress.com.br\/portal\/wp-content\/uploads\/2017\/03\/JCDR4-1-788x1024.jpeg\" alt=\"\" width=\"372\" height=\"483\" srcset=\"\/wp-content\/uploads\/2017\/03\/JCDR4-1-788x1024.jpeg 788w, \/wp-content\/uploads\/2017\/03\/JCDR4-1-231x300.jpeg 231w, \/wp-content\/uploads\/2017\/03\/JCDR4-1-768x998.jpeg 768w, \/wp-content\/uploads\/2017\/03\/JCDR4-1-585x761.jpeg 585w, \/wp-content\/uploads\/2017\/03\/JCDR4-1.jpeg 1000w\" sizes=\"(max-width: 372px) 100vw, 372px\" \/><\/a><\/p>\n","protected":false},"excerpt":{"rendered":"<p>Um novo estudo feito na Espanha sugere uma forte rela\u00e7\u00e3o entre a apneia obstrutiva do sono\u00a0e complica\u00e7\u00f5es de implante, com\u00a080% dos pacientes portadores\u00a0este dist\u00farbio do sono experimentando diferentes problemas de implante. &gt;&gt;&gt; Leia Tamb\u00e9m:\u00a0Reimplante tardio \u00e9 op\u00e7\u00e3o de tratamento em caso de avuls\u00e3o dent\u00e1ria A \u00a0consci\u00eancia da correla\u00e7\u00e3o entre a apneia\u00a0obstrutiva do sono\u00a0 (OSA) e<\/p>\n","protected":false},"author":20,"featured_media":17232,"comment_status":"open","ping_status":"closed","sticky":false,"template":"","format":"standard","meta":{"footnotes":""},"categories":[],"tags":[],"class_list":["post-17228","post","type-post","status-publish","format-standard","has-post-thumbnail"],"aioseo_notices":[],"amp_enabled":true,"_links":{"self":[{"href":"https:\/\/dentalpress.com.br\/portal\/wp-json\/wp\/v2\/posts\/17228","targetHints":{"allow":["GET"]}}],"collection":[{"href":"https:\/\/dentalpress.com.br\/portal\/wp-json\/wp\/v2\/posts"}],"about":[{"href":"https:\/\/dentalpress.com.br\/portal\/wp-json\/wp\/v2\/types\/post"}],"author":[{"embeddable":true,"href":"https:\/\/dentalpress.com.br\/portal\/wp-json\/wp\/v2\/users\/20"}],"replies":[{"embeddable":true,"href":"https:\/\/dentalpress.com.br\/portal\/wp-json\/wp\/v2\/comments?post=17228"}],"version-history":[{"count":0,"href":"https:\/\/dentalpress.com.br\/portal\/wp-json\/wp\/v2\/posts\/17228\/revisions"}],"wp:featuredmedia":[{"embeddable":true,"href":"https:\/\/dentalpress.com.br\/portal\/wp-json\/wp\/v2\/media\/17232"}],"wp:attachment":[{"href":"https:\/\/dentalpress.com.br\/portal\/wp-json\/wp\/v2\/media?parent=17228"}],"wp:term":[{"taxonomy":"category","embeddable":true,"href":"https:\/\/dentalpress.com.br\/portal\/wp-json\/wp\/v2\/categories?post=17228"},{"taxonomy":"post_tag","embeddable":true,"href":"https:\/\/dentalpress.com.br\/portal\/wp-json\/wp\/v2\/tags?post=17228"}],"curies":[{"name":"wp","href":"https:\/\/api.w.org\/{rel}","templated":true}]}}