{"id":17222,"date":"2017-03-30T13:48:01","date_gmt":"2017-03-30T16:48:01","guid":{"rendered":"https:\/\/www.dentalpress.com.br\/portal\/?p=17222"},"modified":"2017-03-30T13:55:31","modified_gmt":"2017-03-30T16:55:31","slug":"fernando-manhaes-estreia-na-dental-press","status":"publish","type":"post","link":"https:\/\/dentalpress.com.br\/portal\/fernando-manhaes-estreia-na-dental-press\/","title":{"rendered":"Dr. Fernando Manh\u00e3es estreia na Dental Press"},"content":{"rendered":"<figure id=\"attachment_17225\" aria-describedby=\"caption-attachment-17225\" style=\"width: 1024px\" class=\"wp-caption aligncenter\"><a href=\"https:\/\/dentalpress.com.br\/portal\/wp-content\/uploads\/2017\/03\/Fernando-Manh\u00e3es-e1490892647905.jpg\"><img fetchpriority=\"high\" decoding=\"async\" class=\"size-large wp-image-17225\" src=\"https:\/\/dentalpress.com.br\/portal\/wp-content\/uploads\/2017\/03\/Fernando-Manh\u00e3es-1024x683.jpg\" alt=\"Fernando Manh\u00e3es\" width=\"1024\" height=\"683\" \/><\/a><figcaption id=\"caption-attachment-17225\" class=\"wp-caption-text\">O professor Dr. Fernando Manh\u00e3es abre o <a href=\"https:\/\/dentalpress.com.br\/portal\/como-inserir-lasers-de-baixa-e-alta-potencia-na-rotina-clinica\/\">curso<\/a> de Ancoragem Esquel\u00e9tica em Classe III (Foto: Renata Mastromauro\/Dental Press)<\/figcaption><\/figure>\n<p style=\"text-align: justify;\">Um novo protocolo de tratamento precoce de Classe III ser\u00e1 apresentado pelo professor Dr. Fernando Manh\u00e3es nesta quinta (30) e sexta-feira (31), na Dental Press. Pela primeira vez em Maring\u00e1, ele mostrar\u00e1 como a ancoragem esquel\u00e9tica pode tratar os problemas da m\u00e1 oclus\u00e3o de forma menos invasiva poss\u00edvel, e com boa rela\u00e7\u00e3o de\u00a0custo\/benef\u00edcio.<\/p>\n<p style=\"text-align: justify;\">O curso ter\u00e1 conte\u00fados te\u00f3ricos e pr\u00e1tica demonstrativa, com \u200bapresenta\u00e7\u00e3o dos dispositivos e de todo material necess\u00e1rio; demonstra\u00e7\u00e3o da instala\u00e7\u00e3o dos DATS (Mini-implantes) em um paciente pr\u00e9 selecionado; moldagem de transfer\u00eancia \u2013 como obter um modelo correto com os mini-implantes copiados perfeitamente; e demonstra\u00e7\u00e3o da instala\u00e7\u00e3o dos aparelhos em modelo.<\/p>\n<p style=\"text-align: justify;\">Veja as fotos:<\/p>\n<p>[flickr_set id=&#8221;72157679543106272&#8243;]<\/p>\n","protected":false},"excerpt":{"rendered":"<p>Um novo protocolo de tratamento precoce de Classe III ser\u00e1 apresentado pelo professor Dr. Fernando Manh\u00e3es nesta quinta (30) e sexta-feira (31), na Dental Press. Pela primeira vez em Maring\u00e1, ele mostrar\u00e1 como a ancoragem esquel\u00e9tica pode tratar os problemas da m\u00e1 oclus\u00e3o de forma menos invasiva poss\u00edvel, e com boa rela\u00e7\u00e3o de\u00a0custo\/benef\u00edcio. O curso<\/p>\n","protected":false},"author":11,"featured_media":17225,"comment_status":"open","ping_status":"closed","sticky":false,"template":"","format":"standard","meta":{"footnotes":""},"categories":[],"tags":[],"class_list":["post-17222","post","type-post","status-publish","format-standard","has-post-thumbnail"],"aioseo_notices":[],"amp_enabled":true,"_links":{"self":[{"href":"https:\/\/dentalpress.com.br\/portal\/wp-json\/wp\/v2\/posts\/17222","targetHints":{"allow":["GET"]}}],"collection":[{"href":"https:\/\/dentalpress.com.br\/portal\/wp-json\/wp\/v2\/posts"}],"about":[{"href":"https:\/\/dentalpress.com.br\/portal\/wp-json\/wp\/v2\/types\/post"}],"author":[{"embeddable":true,"href":"https:\/\/dentalpress.com.br\/portal\/wp-json\/wp\/v2\/users\/11"}],"replies":[{"embeddable":true,"href":"https:\/\/dentalpress.com.br\/portal\/wp-json\/wp\/v2\/comments?post=17222"}],"version-history":[{"count":0,"href":"https:\/\/dentalpress.com.br\/portal\/wp-json\/wp\/v2\/posts\/17222\/revisions"}],"wp:featuredmedia":[{"embeddable":true,"href":"https:\/\/dentalpress.com.br\/portal\/wp-json\/wp\/v2\/media\/17225"}],"wp:attachment":[{"href":"https:\/\/dentalpress.com.br\/portal\/wp-json\/wp\/v2\/media?parent=17222"}],"wp:term":[{"taxonomy":"category","embeddable":true,"href":"https:\/\/dentalpress.com.br\/portal\/wp-json\/wp\/v2\/categories?post=17222"},{"taxonomy":"post_tag","embeddable":true,"href":"https:\/\/dentalpress.com.br\/portal\/wp-json\/wp\/v2\/tags?post=17222"}],"curies":[{"name":"wp","href":"https:\/\/api.w.org\/{rel}","templated":true}]}}