{"id":17163,"date":"2017-03-29T10:08:47","date_gmt":"2017-03-29T13:08:47","guid":{"rendered":"https:\/\/www.dentalpress.com.br\/portal\/?p=17163"},"modified":"2017-03-29T11:29:49","modified_gmt":"2017-03-29T14:29:49","slug":"unesp-professor-carlo-maiorana-bucomaxilofacial","status":"publish","type":"post","link":"https:\/\/dentalpress.com.br\/portal\/unesp-professor-carlo-maiorana-bucomaxilofacial\/","title":{"rendered":"Professor italiano de cirurgia buco-maxilo-facial Carlo Maiorana visita Unesp"},"content":{"rendered":"<div id=\"tituloNoticia\" class=\"titulos\" style=\"text-align: justify;\"><\/div>\n<div id=\"textoNoticia\">\n<div id=\"textoNoticia\">\n<p style=\"text-align: justify;\"><span class=\"Capitular\">A<\/span> Faculdade de Odontologia da <strong>Unesp <\/strong>de Ara\u00e7atuba recebe o Prof. Dr. Carlo Maiorana para conhecer \u00e0s instala\u00e7\u00f5es do C\u00e2mpus e formalizar o primeiro ato oficial do\u00a0Acordo de Coopera\u00e7\u00e3o\u00a0entre a Universidade Estadual Paulista \u201cJ\u00falio de Mesquita Filho\u201d \u2013 <strong>Unesp <\/strong>e a Universit\u00e0 degli Studi di Milano, It\u00e1lia. Na quinta-feira (30) ministrar\u00e1 aula na Disciplina de &#8220;T\u00f3picos Avan\u00e7ados sobre Biomec\u00e2nica e Reconstru\u00e7\u00f5es Cr\u00e2nio-Maxilo-Faciais. Aspectos Anat\u00f4micos Antropol\u00f3gicos e de T\u00e9cnica Cir\u00fargica&#8221;, no Programa de P\u00f3s-Gradua\u00e7\u00e3o em Odontologia.<\/p>\n<figure id=\"attachment_17164\" aria-describedby=\"caption-attachment-17164\" style=\"width: 1024px\" class=\"wp-caption aligncenter\"><a href=\"https:\/\/dentalpress.com.br\/portal\/wp-content\/uploads\/2017\/03\/carlo-maiorana-e1490792563899.jpg\"><img fetchpriority=\"high\" decoding=\"async\" class=\"wp-image-17164 size-large\" src=\"https:\/\/dentalpress.com.br\/portal\/wp-content\/uploads\/2017\/03\/carlo-maiorana-1024x768.jpg\" alt=\"carlo maiorana\" width=\"1024\" height=\"768\" \/><\/a><figcaption id=\"caption-attachment-17164\" class=\"wp-caption-text\">Dr. Carlo Maiorana \u00e9 professor do Departamento de Ci\u00eancias Biom\u00e9dicas, Cir\u00fargicas e Odontol\u00f3gicas da Universit\u00e0 degli Studi di Milano, It\u00e1lia (Foto: Divulga\u00e7\u00e3o)<\/figcaption><\/figure>\n<p style=\"text-align: justify;\">Participam, ainda, da visita os profissionais Paolo Onefri (interlocutor do Acordo) e Pier Paolo Poli, aluno do Programa de Doutorado da Universidade de Mil\u00e3o, interessado em realizar o interc\u00e2mbio.<\/p>\n<p style=\"text-align: justify;\">O referido acordo teve sua elabora\u00e7\u00e3o e tramita\u00e7\u00e3o no segundo semestre de 2015 e in\u00edcio de 2016, sendo publicado em setembro do ano passado com vig\u00eancia at\u00e9 meados de 2021.<\/p>\n<p style=\"text-align: justify;\">Segundo o documento, o Professor Dr. Wilson Roberto Poi por parte da <strong>Unesp <\/strong>e o Professor Dr. Carlo Maiorana, do Departamento de Ci\u00eancias Biom\u00e9dicas, Cir\u00fargicas e Odontol\u00f3gicas da a Universit\u00e0 degli Studi di Milano, s\u00e3o os nomeados para coordenar as a\u00e7\u00f5es decorrentes deste Acordo. O objetivo \u00e9\u00a0proporcionar suporte cient\u00edfico e cultural para o interc\u00e2mbio de professores, t\u00e9cnicos e alunos de p\u00f3s-gradua\u00e7\u00e3o em conformidade com os programas anuais previamente estabelecidos.<\/p>\n<\/div>\n<\/div>\n<p style=\"text-align: right;\">Fonte: Assessoria de imprensa Unesp<\/p>\n<p style=\"text-align: justify;\">Mantenha-se atualizado sobre <a href=\"https:\/\/dentalpress.com.br\/portal\/curso-de-aperfeicoamento-em-cirurgia-de-dentes-retidos\/\">Cirurgia<\/a> Buco-Maxilo-Facial e \u00e1reas relacionadas com o<strong> Journal of the Brazilian College of Oral and Maxillofacial Surgery (JBCOMS)<\/strong>, revista oficial do Col\u00e9gio Brasileiro de Cirurgia e Traumatologia Buco-Maxilo-Facial. A revista est\u00e1 dispon\u00edvel nos formatos impresso e <a href=\"https:\/\/dentalpress.com.br\/portal\/excelencia-em-alinhadores-e-ortodontia-digital-2\/\">digital<\/a> (saiba como assinar <a href=\"http:\/\/dentalcompras.com.br\/produto.php?produto=670-journal-of-the-brazilian-college-of-oral-and-maxillofacial-surgery\" target=\"_blank\"><strong><span style=\"color: #666699;\">aqui<\/span><\/strong><\/a>).<\/p>\n<p style=\"text-align: justify;\"><a href=\"http:\/\/dentalcompras.com.br\/produto.php?produto=670-journal-of-the-brazilian-college-of-oral-and-maxillofacial-surgery\" target=\"_blank\"><img decoding=\"async\" class=\"aligncenter size-full wp-image-17160\" src=\"https:\/\/dentalpress.com.br\/portal\/wp-content\/uploads\/2017\/03\/cirurgia-bucomaxilofacial-1.jpg\" alt=\"cirurgia bucomaxilofacial\" width=\"638\" height=\"751\" srcset=\"\/wp-content\/uploads\/2017\/03\/cirurgia-bucomaxilofacial-1.jpg 638w, \/wp-content\/uploads\/2017\/03\/cirurgia-bucomaxilofacial-1-255x300.jpg 255w, \/wp-content\/uploads\/2017\/03\/cirurgia-bucomaxilofacial-1-585x689.jpg 585w\" sizes=\"(max-width: 638px) 100vw, 638px\" \/><\/a><\/p>\n","protected":false},"excerpt":{"rendered":"<p>A Faculdade de Odontologia da Unesp de Ara\u00e7atuba recebe o Prof. Dr. Carlo Maiorana para conhecer \u00e0s instala\u00e7\u00f5es do C\u00e2mpus e formalizar o primeiro ato oficial do\u00a0Acordo de Coopera\u00e7\u00e3o\u00a0entre a Universidade Estadual Paulista \u201cJ\u00falio de Mesquita Filho\u201d \u2013 Unesp e a Universit\u00e0 degli Studi di Milano, It\u00e1lia. Na quinta-feira (30) ministrar\u00e1 aula na Disciplina de<\/p>\n","protected":false},"author":20,"featured_media":17164,"comment_status":"open","ping_status":"closed","sticky":false,"template":"","format":"standard","meta":{"footnotes":""},"categories":[],"tags":[],"class_list":["post-17163","post","type-post","status-publish","format-standard","has-post-thumbnail"],"aioseo_notices":[],"amp_enabled":true,"_links":{"self":[{"href":"https:\/\/dentalpress.com.br\/portal\/wp-json\/wp\/v2\/posts\/17163","targetHints":{"allow":["GET"]}}],"collection":[{"href":"https:\/\/dentalpress.com.br\/portal\/wp-json\/wp\/v2\/posts"}],"about":[{"href":"https:\/\/dentalpress.com.br\/portal\/wp-json\/wp\/v2\/types\/post"}],"author":[{"embeddable":true,"href":"https:\/\/dentalpress.com.br\/portal\/wp-json\/wp\/v2\/users\/20"}],"replies":[{"embeddable":true,"href":"https:\/\/dentalpress.com.br\/portal\/wp-json\/wp\/v2\/comments?post=17163"}],"version-history":[{"count":0,"href":"https:\/\/dentalpress.com.br\/portal\/wp-json\/wp\/v2\/posts\/17163\/revisions"}],"wp:featuredmedia":[{"embeddable":true,"href":"https:\/\/dentalpress.com.br\/portal\/wp-json\/wp\/v2\/media\/17164"}],"wp:attachment":[{"href":"https:\/\/dentalpress.com.br\/portal\/wp-json\/wp\/v2\/media?parent=17163"}],"wp:term":[{"taxonomy":"category","embeddable":true,"href":"https:\/\/dentalpress.com.br\/portal\/wp-json\/wp\/v2\/categories?post=17163"},{"taxonomy":"post_tag","embeddable":true,"href":"https:\/\/dentalpress.com.br\/portal\/wp-json\/wp\/v2\/tags?post=17163"}],"curies":[{"name":"wp","href":"https:\/\/api.w.org\/{rel}","templated":true}]}}