{"id":16933,"date":"2017-03-23T11:32:02","date_gmt":"2017-03-23T14:32:02","guid":{"rendered":"https:\/\/www.dentalpress.com.br\/portal\/?p=16933"},"modified":"2017-03-27T10:39:56","modified_gmt":"2017-03-27T13:39:56","slug":"deformacao-de-molas-helicoidais-de-niquel-titanio","status":"publish","type":"post","link":"https:\/\/dentalpress.com.br\/portal\/deformacao-de-molas-helicoidais-de-niquel-titanio\/","title":{"rendered":"Deforma\u00e7\u00e3o de molas helicoidais fechadas de n\u00edquel-tit\u00e2nio: um estudo in vitro"},"content":{"rendered":"<figure id=\"attachment_16942\" aria-describedby=\"caption-attachment-16942\" style=\"width: 643px\" class=\"wp-caption aligncenter\"><a href=\"https:\/\/dentalpress.com.br\/portal\/wp-content\/uploads\/2017\/03\/molas-helicoidais.jpg\"><img fetchpriority=\"high\" decoding=\"async\" class=\"wp-image-16942 size-full\" src=\"https:\/\/dentalpress.com.br\/portal\/wp-content\/uploads\/2017\/03\/molas-helicoidais.jpg\" alt=\"molas helicoidais\" width=\"643\" height=\"315\" srcset=\"\/wp-content\/uploads\/2017\/03\/molas-helicoidais.jpg 643w, \/wp-content\/uploads\/2017\/03\/molas-helicoidais-300x147.jpg 300w, \/wp-content\/uploads\/2017\/03\/molas-helicoidais-585x287.jpg 585w\" sizes=\"(max-width: 643px) 100vw, 643px\" \/><\/a><figcaption id=\"caption-attachment-16942\" class=\"wp-caption-text\">Uma mola de n\u00edquel-tit\u00e2nio de 15mm de comprimento (com 9,8mm de espirais de n\u00edquel-tit\u00e2nio), ativada a 9,8mm (Foto: Reprodu\u00e7\u00e3o)<\/figcaption><\/figure>\n<p style=\"text-align: justify;\"><strong>Autores:\u00a0<\/strong>Camilla Ivini Viana Vieira,\u00a0Jos\u00e9 Maur\u00edcio dos Santos Nunes Reis, Luiz Geraldo Vaz, L\u00eddia Parsekian Martins e Renato Parsekian Martins.<\/p>\n<p style=\"text-align: justify;\"><strong>Objetivo:<\/strong>\u00a0O objetivo desse trabalho foi determinar a deforma\u00e7\u00e3o em molas fechadas de n\u00edquel-tit\u00e2nio de quatro marcas comerciais.<\/p>\n<p style=\"text-align: justify;\"><strong>M\u00e9todos:<\/strong>\u00a0Cento e trinta molas foram divididas em treze subgrupos, de acordo com suas caracter\u00edsticas e fabricantes (Morelli, Orthometric, Ormco e GAC), com ativa\u00e7\u00e3o entre 100% e 1.000% do comprimento efetivo de n\u00edquel-tit\u00e2nio presente na mola (Y), a 37 \u00b0C. Dados de desativa\u00e7\u00e3o foram coletados e a deforma\u00e7\u00e3o foi obtida de forma gr\u00e1fica. Os valores foram comparados por meio de an\u00e1lise de vari\u00e2ncia e teste post-hoc de Tukey.<\/p>\n<p style=\"text-align: justify;\"><strong>Resultados:<\/strong>\u00a0As molas da Morelli apresentaram a mesma quantidade de deforma\u00e7\u00e3o considerando-se 700% de ativa\u00e7\u00e3o de Y; as molas da Orthometric tiveram a mesma quantidade de deforma\u00e7\u00e3o at\u00e9 600-700% de Y; as molas da Ormco tiveram a mesma quantidade de deforma\u00e7\u00e3o at\u00e9 700-800% de Y; e, por fim, a maioria das molas da GAC apresentou deforma\u00e7\u00e3o semelhante at\u00e9 800-1.000% de ativa\u00e7\u00e3o. Todas as molas testadas puderam ser ativadas at\u00e9 700% sem ruptura.<\/p>\n<p style=\"text-align: justify;\"><strong>Conclus\u00f5es:<\/strong>\u00a0A maioria dos subgrupos se deformou de maneira semelhante at\u00e9 700% de ativa\u00e7\u00e3o, sem ruptura das molas. Os subgrupos 4B, 4C, 4D e 4E demonstraram a mesma quantidade de deforma\u00e7\u00e3o at\u00e9 1.000% de ativa\u00e7\u00e3o, sem nenhuma ruptura.<\/p>\n<p style=\"text-align: justify;\"><strong>Palavras-chave:<\/strong> NiTi. Deforma\u00e7\u00e3o. Biomec\u00e2nica.<\/p>\n<p style=\"text-align: justify;\">Este trabalho\u00a0integra a edi\u00e7\u00e3o v22n1 do <span style=\"color: #666699;\"><strong><a style=\"color: #666699;\" href=\"http:\/\/dentalcompras.com.br\/produto.php?produto=474-revista-dental-press-journal-of-orthodontics-em-portugues\" target=\"_blank\">Dental Press Journal of Orthodontics (DPJO)<\/a><\/strong><\/span>, revista oficial da ABOR e do BBO. Quer ler este artigo in\u00e9dito na \u00edntegra? Clique <span style=\"color: #666699;\"><strong><a style=\"color: #666699;\" href=\"http:\/\/dentalcompras.com.br\/produto.php?produto=474-revista-dental-press-journal-of-orthodontics-em-portugues\" target=\"_blank\">aqui<\/a><\/strong><\/span> para saber mais sobre o\u00a0DPJO.<\/p>\n<p style=\"text-align: justify;\"><a href=\"http:\/\/dentalcompras.com.br\/produto.php?produto=474-revista-dental-press-journal-of-orthodontics-em-portugues\" target=\"_blank\"><img decoding=\"async\" class=\"aligncenter wp-image-16435 size-full\" src=\"https:\/\/dentalpress.com.br\/portal\/wp-content\/uploads\/2017\/03\/DPJO-V22-N1-newsletter.jpg\" alt=\"\" width=\"774\" height=\"240\" srcset=\"\/wp-content\/uploads\/2017\/03\/DPJO-V22-N1-newsletter.jpg 774w, \/wp-content\/uploads\/2017\/03\/DPJO-V22-N1-newsletter-300x93.jpg 300w, \/wp-content\/uploads\/2017\/03\/DPJO-V22-N1-newsletter-768x238.jpg 768w, \/wp-content\/uploads\/2017\/03\/DPJO-V22-N1-newsletter-585x181.jpg 585w\" sizes=\"(max-width: 774px) 100vw, 774px\" \/><\/a><\/p>\n","protected":false},"excerpt":{"rendered":"<p>Autores:\u00a0Camilla Ivini Viana Vieira,\u00a0Jos\u00e9 Maur\u00edcio dos Santos Nunes Reis, Luiz Geraldo Vaz, L\u00eddia Parsekian Martins e Renato Parsekian Martins. Objetivo:\u00a0O objetivo desse trabalho foi determinar a deforma\u00e7\u00e3o em molas fechadas de n\u00edquel-tit\u00e2nio de quatro marcas comerciais. M\u00e9todos:\u00a0Cento e trinta molas foram divididas em treze subgrupos, de acordo com suas caracter\u00edsticas e fabricantes (Morelli, Orthometric, Ormco<\/p>\n","protected":false},"author":20,"featured_media":16937,"comment_status":"open","ping_status":"closed","sticky":false,"template":"","format":"standard","meta":{"footnotes":""},"categories":[],"tags":[],"class_list":["post-16933","post","type-post","status-publish","format-standard","has-post-thumbnail"],"aioseo_notices":[],"amp_enabled":true,"_links":{"self":[{"href":"https:\/\/dentalpress.com.br\/portal\/wp-json\/wp\/v2\/posts\/16933","targetHints":{"allow":["GET"]}}],"collection":[{"href":"https:\/\/dentalpress.com.br\/portal\/wp-json\/wp\/v2\/posts"}],"about":[{"href":"https:\/\/dentalpress.com.br\/portal\/wp-json\/wp\/v2\/types\/post"}],"author":[{"embeddable":true,"href":"https:\/\/dentalpress.com.br\/portal\/wp-json\/wp\/v2\/users\/20"}],"replies":[{"embeddable":true,"href":"https:\/\/dentalpress.com.br\/portal\/wp-json\/wp\/v2\/comments?post=16933"}],"version-history":[{"count":0,"href":"https:\/\/dentalpress.com.br\/portal\/wp-json\/wp\/v2\/posts\/16933\/revisions"}],"wp:featuredmedia":[{"embeddable":true,"href":"https:\/\/dentalpress.com.br\/portal\/wp-json\/wp\/v2\/media\/16937"}],"wp:attachment":[{"href":"https:\/\/dentalpress.com.br\/portal\/wp-json\/wp\/v2\/media?parent=16933"}],"wp:term":[{"taxonomy":"category","embeddable":true,"href":"https:\/\/dentalpress.com.br\/portal\/wp-json\/wp\/v2\/categories?post=16933"},{"taxonomy":"post_tag","embeddable":true,"href":"https:\/\/dentalpress.com.br\/portal\/wp-json\/wp\/v2\/tags?post=16933"}],"curies":[{"name":"wp","href":"https:\/\/api.w.org\/{rel}","templated":true}]}}