{"id":16094,"date":"2017-08-04T10:35:38","date_gmt":"2017-08-04T13:35:38","guid":{"rendered":"https:\/\/www.dentalpress.com.br\/portal\/?p=16094"},"modified":"2017-08-04T12:42:10","modified_gmt":"2017-08-04T15:42:10","slug":"a-capacidade-reacional-do-osso","status":"publish","type":"post","link":"https:\/\/dentalpress.com.br\/portal\/a-capacidade-reacional-do-osso\/","title":{"rendered":"A capacidade reacional do osso e os nomes das doen\u00e7as \u00f3sseas inflamat\u00f3rias"},"content":{"rendered":"<p><img fetchpriority=\"high\" decoding=\"async\" class=\"aligncenter wp-image-16096 size-large\" src=\"https:\/\/dentalpress.com.br\/portal\/wp-content\/uploads\/2017\/02\/cranio-1024x681.jpg\" alt=\"capacidade reacional do osso\" width=\"1024\" height=\"681\" srcset=\"\/wp-content\/uploads\/2017\/02\/cranio-1024x681.jpg 1024w, \/wp-content\/uploads\/2017\/02\/cranio-300x200.jpg 300w, \/wp-content\/uploads\/2017\/02\/cranio-768x511.jpg 768w, \/wp-content\/uploads\/2017\/02\/cranio-1170x778.jpg 1170w, \/wp-content\/uploads\/2017\/02\/cranio-585x389.jpg 585w, \/wp-content\/uploads\/2017\/02\/cranio.jpg 1920w\" sizes=\"(max-width: 1024px) 100vw, 1024px\" \/><\/p>\n<p><strong>Autores:\u00a0<\/strong>Alberto CONSOLARO e Renata Bianco CONSOLARO<\/p>\n<p style=\"text-align: justify;\"><strong>Resumo:<\/strong> As rea\u00e7\u00f5es \u00f3sseas frente \u00e0s demandas funcionais e agress\u00f5es s\u00e3o diferentes de acordo com a morfologia do local, intensidade e dura\u00e7\u00e3o da irrita\u00e7\u00e3o e do estado sist\u00eamico do paciente. Nesse trabalho, inicialmente procurou-se correlacionar esses tr\u00eas importantes fatores para compreender o resultado final na estrutura \u00f3ssea, especialmente do ponto de vista imaginol\u00f3gico. Em seguida, s\u00e3o apresentados os conceitos dos nomes universalmente aceitos para identificar as doen\u00e7as \u00f3sseas inflamat\u00f3rias, de forma a facilitar a comunica\u00e7\u00e3o cient\u00edfica e cl\u00ednica entre os profissionais.<\/p>\n<p style=\"text-align: justify;\"><b>Palavras-chave:<\/b><b> <\/b>Oste\u00edtes. Osteomielites. Periostites. Osteonecroses.<\/p>\n<h2><a href=\"http:\/\/grupo.dentalpress.com.br\/dad30c266c7aa36bb7c5\" target=\"_blank\" rel=\"noopener\">Baixe o artigo na \u00edntegra aqui.\u00a0<\/a><\/h2>\n<h3 style=\"text-align: justify;\"><\/h3>\n<p style=\"text-align: right;\">\n","protected":false},"excerpt":{"rendered":"<p>Autores:\u00a0Alberto CONSOLARO e Renata Bianco CONSOLARO Resumo: As rea\u00e7\u00f5es \u00f3sseas frente \u00e0s demandas funcionais e agress\u00f5es s\u00e3o diferentes de acordo com a morfologia do local, intensidade e dura\u00e7\u00e3o da irrita\u00e7\u00e3o e do estado sist\u00eamico do paciente. Nesse trabalho, inicialmente procurou-se correlacionar esses tr\u00eas importantes fatores para compreender o resultado final na estrutura \u00f3ssea, especialmente do<\/p>\n","protected":false},"author":20,"featured_media":16096,"comment_status":"open","ping_status":"closed","sticky":false,"template":"","format":"standard","meta":{"footnotes":""},"categories":[],"tags":[],"class_list":["post-16094","post","type-post","status-publish","format-standard","has-post-thumbnail"],"aioseo_notices":[],"amp_enabled":true,"_links":{"self":[{"href":"https:\/\/dentalpress.com.br\/portal\/wp-json\/wp\/v2\/posts\/16094","targetHints":{"allow":["GET"]}}],"collection":[{"href":"https:\/\/dentalpress.com.br\/portal\/wp-json\/wp\/v2\/posts"}],"about":[{"href":"https:\/\/dentalpress.com.br\/portal\/wp-json\/wp\/v2\/types\/post"}],"author":[{"embeddable":true,"href":"https:\/\/dentalpress.com.br\/portal\/wp-json\/wp\/v2\/users\/20"}],"replies":[{"embeddable":true,"href":"https:\/\/dentalpress.com.br\/portal\/wp-json\/wp\/v2\/comments?post=16094"}],"version-history":[{"count":0,"href":"https:\/\/dentalpress.com.br\/portal\/wp-json\/wp\/v2\/posts\/16094\/revisions"}],"wp:featuredmedia":[{"embeddable":true,"href":"https:\/\/dentalpress.com.br\/portal\/wp-json\/wp\/v2\/media\/16096"}],"wp:attachment":[{"href":"https:\/\/dentalpress.com.br\/portal\/wp-json\/wp\/v2\/media?parent=16094"}],"wp:term":[{"taxonomy":"category","embeddable":true,"href":"https:\/\/dentalpress.com.br\/portal\/wp-json\/wp\/v2\/categories?post=16094"},{"taxonomy":"post_tag","embeddable":true,"href":"https:\/\/dentalpress.com.br\/portal\/wp-json\/wp\/v2\/tags?post=16094"}],"curies":[{"name":"wp","href":"https:\/\/api.w.org\/{rel}","templated":true}]}}