{"id":14816,"date":"2017-12-20T08:00:34","date_gmt":"2017-12-20T10:00:34","guid":{"rendered":"https:\/\/www.dentalpress.com.br\/portal\/?p=14816"},"modified":"2018-12-11T14:02:01","modified_gmt":"2018-12-11T16:02:01","slug":"pesquisadores-descobrem-ligacao-entre-bacterias-bucais-e-avc","status":"publish","type":"post","link":"https:\/\/dentalpress.com.br\/portal\/pesquisadores-descobrem-ligacao-entre-bacterias-bucais-e-avc\/","title":{"rendered":"Pesquisadores descobrem liga\u00e7\u00e3o entre bact\u00e9rias bucais e AVC"},"content":{"rendered":"<p style=\"text-align: justify;\">Micro-sangramentos cerebrais (Cerebral microbleeds\/ CMBs) t\u00eam chamado\u00a0a aten\u00e7\u00e3o como sendo um\u00a0importante marcador preditivo de acidente vascular cerebral em v\u00e1rios estudos. Uma pesquisa feita em Kyoto, no Jap\u00e3o, sugere ainda que a\u00a0<em>Streptococcus mutans<\/em>, um tipo de bact\u00e9ria bucal associada \u00e0 c\u00e1rie dent\u00e1ria, esteja envolvida no desenvolvimento dos micro-sangramentos. Buscando esclarecimentos sobre a conex\u00e3o, uma equipe de pesquisadores da Universidade de Medicina de Kyoto descobriu agora que a <em>S. mutans<\/em> positiva \u00e9 um novo fator de comprometimento cognitivo associado aos CMBs e, portanto, pode estar associada a dist\u00farbios como acidente vascular cerebral e dem\u00eancia.<\/p>\n<p style=\"text-align: justify;\"><a href=\"https:\/\/dentalpress.com.br\/portal\/wp-content\/uploads\/2017\/01\/srep38561-f1.jpg\"><img fetchpriority=\"high\" decoding=\"async\" class=\" wp-image-14823 aligncenter\" src=\"https:\/\/dentalpress.com.br\/portal\/wp-content\/uploads\/2017\/01\/srep38561-f1-300x166.jpg\" alt=\"srep38561-f1\" width=\"766\" height=\"425\" srcset=\"\/wp-content\/uploads\/2017\/01\/srep38561-f1-300x166.jpg 300w, \/wp-content\/uploads\/2017\/01\/srep38561-f1-768x425.jpg 768w, \/wp-content\/uploads\/2017\/01\/srep38561-f1-585x324.jpg 585w, \/wp-content\/uploads\/2017\/01\/srep38561-f1.jpg 926w\" sizes=\"(max-width: 766px) 100vw, 766px\" \/><\/a><\/p>\n<div id=\"gt-src-c\" class=\"g-unit\">\n<h4 style=\"text-align: justify;\"><span style=\"color: #666699;\"><a style=\"color: #666699;\" href=\"https:\/\/www.dentalpress.com.br\/portal\/estudo-aponta-nova-ligacao-entre-doenca-periodontal-e-avc\/\" target=\"_blank\" rel=\"noopener\">&gt;&gt;&gt; Leia Tamb\u00e9m: \u00a0Estudo aponta nova liga\u00e7\u00e3o entre periodontite e AVC<\/a><\/span><\/h4>\n<\/div>\n<p style=\"text-align: justify;\">Com o objetivo de compreender o significado cl\u00ednico dos CMBs e os mecanismos de sua produ\u00e7\u00e3o, os pesquisadores examinaram a presen\u00e7a ou n\u00e3o da\u00a0prote\u00edna Cnm de superf\u00edcie de col\u00e1geno de liga\u00e7\u00e3o expressa em cnm-positivo <em>S Mutans<\/em> na saliva de\u00a0279 pacientes (idade m\u00e9dia de 70 anos). Al\u00e9m disso, avaliaram a fun\u00e7\u00e3o cognitiva, o estado de sa\u00fade dent\u00e1ria e a preval\u00eancia de CMB de cada um. O exame oral incluiu o n\u00famero de <a href=\"https:\/\/dentalpress.com.br\/portal\/curso-de-aperfeicoamento-em-cirurgia-de-dentes-retidos\/\">dentes<\/a> remanescentes, a presen\u00e7a ou aus\u00eancia de c\u00e1rie dent\u00e1ria e o estado periodontal dos participantes.<\/p>\n<p><a href=\"https:\/\/www.dentalpresscursos.com\/excelencia-implantodontia\" target=\"_blank\" rel=\"noopener\"><img decoding=\"async\" class=\"alignnone size-full wp-image-21316\" src=\"https:\/\/dentalpress.com.br\/portal\/wp-content\/uploads\/2017\/12\/Post_exc_implan2018.png\" alt=\"\" width=\"800\" height=\"800\" srcset=\"\/wp-content\/uploads\/2017\/12\/Post_exc_implan2018.png 800w, \/wp-content\/uploads\/2017\/12\/Post_exc_implan2018-150x150.png 150w, \/wp-content\/uploads\/2017\/12\/Post_exc_implan2018-300x300.png 300w, \/wp-content\/uploads\/2017\/12\/Post_exc_implan2018-768x768.png 768w, \/wp-content\/uploads\/2017\/12\/Post_exc_implan2018-585x585.png 585w\" sizes=\"(max-width: 800px) 100vw, 800px\" \/>00<\/a><\/p>\n<p style=\"text-align: justify;\">No grupo de estudo, 94% dos testes deram positivo para <em>S. mutans,<\/em>\u00a033% \u00a0de\u00a0<em>S. mutans<\/em> positivo para cnm e 25% mostraram atividade de liga\u00e7\u00e3o ao colagenio associada a <em>S. mutans<\/em>. A resson\u00e2ncia magn\u00e9tica do c\u00e9rebro detectou CMBs em 73 participantes (26%). Quanto ao exame odontol\u00f3gico, 31% dos participantes tiveram c\u00e1rie dent\u00e1ria e 28% obtiveram um C\u00f3digo 3 ou superior no \u00cdndice Periodontal Comunit\u00e1rio de Necessidades de Tratamento. O n\u00famero m\u00e9dio de dentes remanescentes foi de 22,7 \u00b1 7,5.<\/p>\n<h4 style=\"text-align: justify;\"><span style=\"color: #666699;\"><a style=\"color: #666699;\" href=\"https:\/\/www.dentalpress.com.br\/portal\/dor-de-dente-x-infarto\/\" target=\"_blank\" rel=\"noopener\">&gt;&gt;&gt; Leia Tamb\u00e9m:\u00a0Dor de dentes X Infarto<\/a><\/span><\/h4>\n<p style=\"text-align: justify;\">As an\u00e1lises mostraram que o\u00a0<em>S. mutans<\/em> cnm-positivo foi detectado mais frequentemente entre os participantes com CMBs do que aqueles sem. Al\u00e9m disso, foi observado que a porcentagem de pacientes com c\u00e1rie dent\u00e1ria foi significativamente maior no grupo com\u00a0atividade de liga\u00e7\u00e3o ao col\u00e1geno.<\/p>\n<p style=\"text-align: justify;\">Segundo os pesquisadores, os achados sugerem um mecanismo molecular para a intera\u00e7\u00e3o entre infec\u00e7\u00f5es bucais cr\u00f4nicas e dist\u00farbios geri\u00e1tricos, como acidente vascular cerebral e comprometimento cognitivo. A fim de esclarecer a causalidade, \u00a0enfatizaram que um estudo de interven\u00e7\u00e3o focado em cuidados bucais e microbiota em indiv\u00edduos CMB seria interessante. Como\u00a0os dados atuais suportam\u00a0a id\u00e9ia\u00a0da importante influ\u00eancia da microbiota bucal sobre a doen\u00e7a neurol\u00f3gica, eles tamb\u00e9m pediram uma melhor colabora\u00e7\u00e3o entre pesquisadores dentais e m\u00e9dicos.<\/p>\n<h4 style=\"text-align: justify;\"><span style=\"color: #666699;\"><a style=\"color: #666699;\" href=\"https:\/\/www.dentalpress.com.br\/portal\/pesquisadores-indentificam-genes-de-doenca-gengival\/\" target=\"_blank\" rel=\"noopener\">&gt;&gt;&gt; Leia Tamb\u00e9m:\u00a0Pesquisadores indentificam genes de doen\u00e7a gengival<\/a><\/span><\/h4>\n<p style=\"text-align: justify;\">O estudo, intitulado &#8220;<em>Oral cnm-positive Streptococcus mutans expressing collagen binding activity is a risk factor for cerebral microbleeds and cognitive impairment<\/em>&#8220;, foi publicado online em 9 de dezembro na revista Scientific Reports.<\/p>\n<p style=\"text-align: justify;\"><strong><span style=\"color: #666699;\"><a style=\"color: #666699;\" href=\"http:\/\/www.nature.com\/articles\/srep38561\" target=\"_blank\" rel=\"noopener\">Leia o artigo na \u00edntegra em ingl\u00eas aqui.<\/a><\/span><\/strong><\/p>\n<p style=\"text-align: right;\">Fonte: DentalTribune<\/p>\n","protected":false},"excerpt":{"rendered":"<p>Micro-sangramentos cerebrais (Cerebral microbleeds\/ CMBs) t\u00eam chamado\u00a0a aten\u00e7\u00e3o como sendo um\u00a0importante marcador preditivo de acidente vascular cerebral em v\u00e1rios estudos. Uma pesquisa feita em Kyoto, no Jap\u00e3o, sugere ainda que a\u00a0Streptococcus mutans, um tipo de bact\u00e9ria bucal associada \u00e0 c\u00e1rie dent\u00e1ria, esteja envolvida no desenvolvimento dos micro-sangramentos. Buscando esclarecimentos sobre a conex\u00e3o, uma equipe de<\/p>\n","protected":false},"author":20,"featured_media":14823,"comment_status":"open","ping_status":"closed","sticky":false,"template":"","format":"standard","meta":{"footnotes":""},"categories":[],"tags":[],"class_list":["post-14816","post","type-post","status-publish","format-standard","has-post-thumbnail"],"aioseo_notices":[],"amp_enabled":true,"_links":{"self":[{"href":"https:\/\/dentalpress.com.br\/portal\/wp-json\/wp\/v2\/posts\/14816","targetHints":{"allow":["GET"]}}],"collection":[{"href":"https:\/\/dentalpress.com.br\/portal\/wp-json\/wp\/v2\/posts"}],"about":[{"href":"https:\/\/dentalpress.com.br\/portal\/wp-json\/wp\/v2\/types\/post"}],"author":[{"embeddable":true,"href":"https:\/\/dentalpress.com.br\/portal\/wp-json\/wp\/v2\/users\/20"}],"replies":[{"embeddable":true,"href":"https:\/\/dentalpress.com.br\/portal\/wp-json\/wp\/v2\/comments?post=14816"}],"version-history":[{"count":0,"href":"https:\/\/dentalpress.com.br\/portal\/wp-json\/wp\/v2\/posts\/14816\/revisions"}],"wp:featuredmedia":[{"embeddable":true,"href":"https:\/\/dentalpress.com.br\/portal\/wp-json\/wp\/v2\/media\/14823"}],"wp:attachment":[{"href":"https:\/\/dentalpress.com.br\/portal\/wp-json\/wp\/v2\/media?parent=14816"}],"wp:term":[{"taxonomy":"category","embeddable":true,"href":"https:\/\/dentalpress.com.br\/portal\/wp-json\/wp\/v2\/categories?post=14816"},{"taxonomy":"post_tag","embeddable":true,"href":"https:\/\/dentalpress.com.br\/portal\/wp-json\/wp\/v2\/tags?post=14816"}],"curies":[{"name":"wp","href":"https:\/\/api.w.org\/{rel}","templated":true}]}}