{"id":14755,"date":"2017-07-28T10:45:39","date_gmt":"2017-07-28T13:45:39","guid":{"rendered":"https:\/\/www.dentalpress.com.br\/portal\/?p=14755"},"modified":"2017-07-28T13:24:38","modified_gmt":"2017-07-28T16:24:38","slug":"extracao-primeiro-molar-permanente","status":"publish","type":"post","link":"https:\/\/dentalpress.com.br\/portal\/extracao-primeiro-molar-permanente\/","title":{"rendered":"Extra\u00e7\u00e3o de primeiro molar permanente no tratamento ortod\u00f4ntico: relato de caso"},"content":{"rendered":"<p><a href=\"https:\/\/dentalpress.com.br\/portal\/wp-content\/uploads\/2017\/01\/Captura-de-Tela-2017-07-28-a\u0300s-13.16.45.png\"><img fetchpriority=\"high\" decoding=\"async\" class=\"aligncenter size-full wp-image-19329\" src=\"https:\/\/dentalpress.com.br\/portal\/wp-content\/uploads\/2017\/01\/Captura-de-Tela-2017-07-28-a\u0300s-13.16.45.png\" alt=\"\" width=\"876\" height=\"193\" srcset=\"\/wp-content\/uploads\/2017\/01\/Captura-de-Tela-2017-07-28-a\u0300s-13.16.45.png 876w, \/wp-content\/uploads\/2017\/01\/Captura-de-Tela-2017-07-28-a\u0300s-13.16.45-300x66.png 300w, \/wp-content\/uploads\/2017\/01\/Captura-de-Tela-2017-07-28-a\u0300s-13.16.45-768x169.png 768w, \/wp-content\/uploads\/2017\/01\/Captura-de-Tela-2017-07-28-a\u0300s-13.16.45-585x129.png 585w\" sizes=\"(max-width: 876px) 100vw, 876px\" \/><\/a><\/p>\n<p><strong>Autores:<\/strong> Fabr\u00edcio Pinelli Valarelli, Mayara Paim Patel, Tatianne Silva de S\u00e1 Mendes, Cl\u00e1udia Cristina da Silva e Daniela Olivia Ferrari Carvalho.<\/p>\n<p style=\"text-align: justify;\"><strong>Resumo:\u00a0<\/strong>A literatura demonstra que, tradicionalmente, os pr\u00e9-molares s\u00e3o os <a href=\"https:\/\/dentalpress.com.br\/portal\/curso-de-aperfeicoamento-em-cirurgia-de-dentes-retidos\/\">dentes<\/a> de escolha para extra\u00e7\u00e3o em casos de m\u00e1 oclus\u00e3o de Classe\u00a0I com severo apinhamento, devido \u00e0 sua localiza\u00e7\u00e3o e tamanho compat\u00edveis com a maioria das discrep\u00e2ncias de espa\u00e7o, al\u00e9m de uma fase de retra\u00e7\u00e3o mais curta. Contudo, extra\u00e7\u00f5es alternativas podem ser realizadas, visando solucionar n\u00e3o apenas a falta de espa\u00e7o, mas tamb\u00e9m o comprometimento dent\u00e1rio. Molares acometidos por c\u00e1rie ou doen\u00e7a periodontal podem ser extra\u00eddos para a <a href=\"https:\/\/dentalpress.com.br\/portal\/imersao-em-correcao-de-sorriso-gengival\/\">corre\u00e7\u00e3o<\/a> dessa m\u00e1 oclus\u00e3o, ao inv\u00e9s de pr\u00e9-molares saud\u00e1veis.<\/p>\n<h2><a href=\"http:\/\/grupo.dentalpress.com.br\/8d0a72a8b0e26351efee\" target=\"_blank\" rel=\"noopener\">Baixe o artigo na \u00edntegra aqui!<\/a><\/h2>\n<p style=\"text-align: justify;\">\n","protected":false},"excerpt":{"rendered":"<p>A literatura demonstra que, tradicionalmente, os pr\u00e9-molares s\u00e3o os dentes de escolha para extra\u00e7\u00e3o em casos de m\u00e1 oclus\u00e3o de Classe I com severo apinhamento, devido \u00e0 sua localiza\u00e7\u00e3o e tamanho compat\u00edveis com a maioria das discrep\u00e2ncias de espa\u00e7o&#8230;<\/p>\n","protected":false},"author":20,"featured_media":14785,"comment_status":"open","ping_status":"closed","sticky":false,"template":"","format":"standard","meta":{"footnotes":""},"categories":[],"tags":[],"class_list":["post-14755","post","type-post","status-publish","format-standard","has-post-thumbnail"],"aioseo_notices":[],"amp_enabled":true,"_links":{"self":[{"href":"https:\/\/dentalpress.com.br\/portal\/wp-json\/wp\/v2\/posts\/14755","targetHints":{"allow":["GET"]}}],"collection":[{"href":"https:\/\/dentalpress.com.br\/portal\/wp-json\/wp\/v2\/posts"}],"about":[{"href":"https:\/\/dentalpress.com.br\/portal\/wp-json\/wp\/v2\/types\/post"}],"author":[{"embeddable":true,"href":"https:\/\/dentalpress.com.br\/portal\/wp-json\/wp\/v2\/users\/20"}],"replies":[{"embeddable":true,"href":"https:\/\/dentalpress.com.br\/portal\/wp-json\/wp\/v2\/comments?post=14755"}],"version-history":[{"count":0,"href":"https:\/\/dentalpress.com.br\/portal\/wp-json\/wp\/v2\/posts\/14755\/revisions"}],"wp:featuredmedia":[{"embeddable":true,"href":"https:\/\/dentalpress.com.br\/portal\/wp-json\/wp\/v2\/media\/14785"}],"wp:attachment":[{"href":"https:\/\/dentalpress.com.br\/portal\/wp-json\/wp\/v2\/media?parent=14755"}],"wp:term":[{"taxonomy":"category","embeddable":true,"href":"https:\/\/dentalpress.com.br\/portal\/wp-json\/wp\/v2\/categories?post=14755"},{"taxonomy":"post_tag","embeddable":true,"href":"https:\/\/dentalpress.com.br\/portal\/wp-json\/wp\/v2\/tags?post=14755"}],"curies":[{"name":"wp","href":"https:\/\/api.w.org\/{rel}","templated":true}]}}