{"id":1244,"date":"2017-09-08T12:30:18","date_gmt":"2017-09-08T15:30:18","guid":{"rendered":"http:\/\/bangboo.com.br\/dentalpress\/?p=1244"},"modified":"2017-10-10T17:07:25","modified_gmt":"2017-10-10T20:07:25","slug":"reabilitacao-com-implantes-e-protese-fixa-para-correcao-oclusal-e-estetica-em-edentulo-parcial","status":"publish","type":"post","link":"https:\/\/dentalpress.com.br\/portal\/reabilitacao-com-implantes-e-protese-fixa-para-correcao-oclusal-e-estetica-em-edentulo-parcial\/","title":{"rendered":"Reabilita\u00e7\u00e3o com implantes e pr\u00f3tese fixa para corre\u00e7\u00e3o oclusal e est\u00e9tica em ed\u00eantulo parcial"},"content":{"rendered":"<p style=\"text-align: justify;\"><a href=\"https:\/\/dentalpress.com.br\/portal\/wp-content\/uploads\/2017\/09\/Captura-de-Tela-2017-09-09-a\u0300s-11.34.26.png\"><img fetchpriority=\"high\" decoding=\"async\" class=\"alignnone wp-image-19789 size-full\" src=\"https:\/\/dentalpress.com.br\/portal\/wp-content\/uploads\/2017\/09\/Captura-de-Tela-2017-09-09-a\u0300s-11.34.26.png\" alt=\"\" width=\"824\" height=\"548\" srcset=\"\/wp-content\/uploads\/2017\/09\/Captura-de-Tela-2017-09-09-a\u0300s-11.34.26.png 824w, \/wp-content\/uploads\/2017\/09\/Captura-de-Tela-2017-09-09-a\u0300s-11.34.26-300x200.png 300w, \/wp-content\/uploads\/2017\/09\/Captura-de-Tela-2017-09-09-a\u0300s-11.34.26-768x511.png 768w, \/wp-content\/uploads\/2017\/09\/Captura-de-Tela-2017-09-09-a\u0300s-11.34.26-585x389.png 585w, \/wp-content\/uploads\/2017\/09\/Captura-de-Tela-2017-09-09-a\u0300s-11.34.26-263x175.png 263w\" sizes=\"(max-width: 824px) 100vw, 824px\" \/><\/a>Autores:\u00a0Euro Luiz ELERATI, Mauric\u00e9a de Paula ASSIS, S\u00e9rgio Carvalho COSTA, Wanessa Cristina Filgueiras Batista dos REIS<\/p>\n<p style=\"text-align: justify;\">Resumo: A\u00a0reabilita\u00e7\u00e3o de ed\u00eantulos parciais por meio de pr\u00f3teses fixas implantossuportadas hoje \u00e9 um tratamento previs\u00edvel e de comprovado sucesso em longo prazo. Objetivo: o prop\u00f3sito do presente artigo \u00e9 delinear uma abordagem sistem\u00e1tica para a reabilita\u00e7\u00e3o prot\u00e9tica de ed\u00eantulos parciais, exemplificado por um caso cl\u00ednico com reconstru\u00e7\u00e3o \u00f3ssea e recupera\u00e7\u00e3o da dimens\u00e3o vertical de oclus\u00e3o, nivelamento do plano oclusal e <a href=\"https:\/\/dentalpress.com.br\/portal\/imersao-em-correcao-de-sorriso-gengival\/\">corre\u00e7\u00e3o<\/a> do sorriso invertido. M\u00e9todos: realizar a reabilita\u00e7\u00e3o bucal de uma paciente com implantes dent\u00e1rios e pr\u00f3teses parciais fixas. Conclus\u00e3o: o tratamento foi capaz de restabelecer a fun\u00e7\u00e3o, o conforto e a est\u00e9tica da paciente.<\/p>\n<p><b>Palavras-chave:<\/b><b> <\/b>Implantes dent\u00e1rios. Oclus\u00e3o dent\u00e1ria. Pr\u00f3tese dent\u00e1ria.<\/p>\n<h2><a href=\"http:\/\/grupo.dentalpress.com.br\/0838b13343983e08e858\" target=\"_blank\" rel=\"noopener\">Baixe o artigo na \u00edntegra aqui!<\/a><\/h2>\n<p style=\"text-align: right;\">\n","protected":false},"excerpt":{"rendered":"<p>A reabilita\u00e7\u00e3o de ed\u00eantulos parciais por meio de pr\u00f3teses fixas implantossuportadas hoje \u00e9 um tratamento previs\u00edvel e de comprovado sucesso em longo prazo.<\/p>\n","protected":false},"author":20,"featured_media":19789,"comment_status":"open","ping_status":"closed","sticky":false,"template":"","format":"standard","meta":{"footnotes":""},"categories":[],"tags":[],"class_list":["post-1244","post","type-post","status-publish","format-standard","has-post-thumbnail"],"aioseo_notices":[],"amp_enabled":true,"_links":{"self":[{"href":"https:\/\/dentalpress.com.br\/portal\/wp-json\/wp\/v2\/posts\/1244","targetHints":{"allow":["GET"]}}],"collection":[{"href":"https:\/\/dentalpress.com.br\/portal\/wp-json\/wp\/v2\/posts"}],"about":[{"href":"https:\/\/dentalpress.com.br\/portal\/wp-json\/wp\/v2\/types\/post"}],"author":[{"embeddable":true,"href":"https:\/\/dentalpress.com.br\/portal\/wp-json\/wp\/v2\/users\/20"}],"replies":[{"embeddable":true,"href":"https:\/\/dentalpress.com.br\/portal\/wp-json\/wp\/v2\/comments?post=1244"}],"version-history":[{"count":0,"href":"https:\/\/dentalpress.com.br\/portal\/wp-json\/wp\/v2\/posts\/1244\/revisions"}],"wp:featuredmedia":[{"embeddable":true,"href":"https:\/\/dentalpress.com.br\/portal\/wp-json\/wp\/v2\/media\/19789"}],"wp:attachment":[{"href":"https:\/\/dentalpress.com.br\/portal\/wp-json\/wp\/v2\/media?parent=1244"}],"wp:term":[{"taxonomy":"category","embeddable":true,"href":"https:\/\/dentalpress.com.br\/portal\/wp-json\/wp\/v2\/categories?post=1244"},{"taxonomy":"post_tag","embeddable":true,"href":"https:\/\/dentalpress.com.br\/portal\/wp-json\/wp\/v2\/tags?post=1244"}],"curies":[{"name":"wp","href":"https:\/\/api.w.org\/{rel}","templated":true}]}}